{"id":78713,"date":"2026-03-16T16:54:13","date_gmt":"2026-03-16T13:54:13","guid":{"rendered":"https:\/\/vidzeme.testeris.lv\/?p=78713"},"modified":"2026-03-31T16:26:55","modified_gmt":"2026-03-31T13:26:55","slug":"vidzeme-strengthens-societal-resilience-and-engagement-in-reducing-climate-risks","status":"publish","type":"post","link":"https:\/\/vidzeme.testeris.lv\/en\/vidzeme-strengthens-societal-resilience-and-engagement-in-reducing-climate-risks\/","title":{"rendered":"Vidzeme strengthens societal resilience and engagement in reducing climate risks"},"content":{"rendered":"<p>To strengthen societal resilience in the Vidzeme region and promote public involvement in reducing and preventing climate risks, the Vidzeme Planning Region organised the 4th regional stakeholder meeting of the CLIMATE project, titled \u201cStrengthening societal resilience and engagement for climate risk reduction in the Vidzeme region\u201d.<\/p>\n<p>During the event, it was emphasised that societal resilience and active public involvement in crisis situations are among the most important preconditions for effective crisis management. Experts shared experiences and practical examples that help strengthen the ability of local communities to act in the face of various threats.<\/p>\n<p>Speaking about mechanisms for public engagement in climate governance, the head of the Valmiera Region Community Foundation, Patricija Sili\u0146a, introduced the experience of Brussels. There, a structured volunteer system is being developed, which provides for the involvement of residents in crisis management also at an individual level. Volunteers are trained and prepared to act in a coordinated and effective manner during emergencies. This approach helps prevent situations where spontaneous, albeit well-intentioned, assistance may interfere with the work of professional services.<\/p>\n<p>At the same time, it was emphasised that a volunteer system cannot replace professional services \u2013 strong public safety and rescue services are a fundamental basis for effective crisis management.<\/p>\n<p>Und\u012bne Blumberga-\u0160akuna, an expert on civil society and community development at the Valmiera Region Community Foundation, introduced the programme \u201cSafe Communities in Vidzeme\u201d. Its aim is to strengthen the capacity of local communities to self-organise, cooperate, and participate, while promoting an understanding of the common good and responsibility towards others, as well as developing societal resilience skills.<\/p>\n<p>Within the programme, several activities are planned:<\/p>\n<p>\u00b7 to promote the formation of new neighbourhood communities and the involvement of residents in community development;<\/p>\n<p>\u00b7 to identify and train motivated residents who, in crisis situations, would be able to coordinate spontaneous volunteers in cooperation with municipalities;<\/p>\n<p>\u00b7 to strengthen cooperation among residents, creating cohesive and resilient communities and a safer living environment.<\/p>\n<p>Communities will also have access to funding for the implementation of local initiatives.<\/p>\n<p>Particularly valuable for participants was the experience shared by Gunta Bazone, an expert from the Response Management Division of the Civil Protection Administration of<\/p>\n<p>the Riga City Council. She shared practical examples of establishing and organising evacuation points in Riga, as well as outlined research results on public preparedness for crisis situations. The findings indicate that although residents are interested in safety issues, practical preparedness remains insufficient \u2013 many do not know where the nearest shelters are located or how to act in emergency situations.<\/p>\n<p>Seminars organised in Riga, titled \u201cRiga Civil Protection Plan \u2013 Know It and Get Involved\u201d, were also highlighted, where residents can obtain detailed information on actions in crisis situations \u2013 from evacuation to shelter locations.<\/p>\n<p>At the end of the meeting, participants worked in groups to develop an action plan for flood situations. Crisis scenarios were modelled, focusing on public preparedness, information flow and communication, evacuation, the involvement of NGOs and volunteers, as well as institutional cooperation. Using the backcasting method, participants defined concrete steps to be taken today to ensure effective crisis management in the future.<\/p>\n<p>The event also provided an opportunity to exchange up-to-date information on planned activities of organisations aimed at strengthening societal resilience and engagement in the Vidzeme region.<\/p>\n<p>This publication has been prepared with the financial support of the European Union. The content of this publication is the sole responsibility of the Vidzeme Planning Region and does not necessarily reflect the views of the European Union.<\/p>\n<p>The project \u201cImproving EU regions\u2019 environmental and socioeconomic resilience to climate change\u201d (CLIMATE) is being implemented under the Interreg Europe cross-border cooperation programme from 2021 to 2027. It aims to support participating regions in strengthening their ability to adapt to the impacts of climate change by improving disaster risk prevention, enhancing civil protection capacities, and fostering inclusive, cross-sectoral cooperation.<\/p>\n","protected":false},"excerpt":{"rendered":"<p>To strengthen societal resilience in the Vidzeme region and promote public involvement in reducing and preventing climate risks, the Vidzeme Planning Region organised the 4th regional stakeholder meeting of the CLIMATE project, titled \u201cStrengthening societal resilience and engagement for climate risk reduction in the Vidzeme region\u201d. During the event, it was emphasised that societal resilience [&hellip;]<\/p>\n","protected":false},"author":13,"featured_media":78708,"comment_status":"open","ping_status":"open","sticky":false,"template":"","format":"standard","meta":{"_acf_changed":false,"footnotes":""},"categories":[252],"tags":[],"class_list":["post-78713","post","type-post","status-publish","format-standard","has-post-thumbnail","hentry","category-public-governance-and-planning"],"acf":[],"yoast_head":"<!-- This site is optimized with the Yoast SEO plugin v25.6 - https:\/\/yoast.com\/wordpress\/plugins\/seo\/ -->\n<title>Vidzeme strengthens societal resilience and engagement in reducing climate risks - Vidzemes pl\u0101no\u0161anas re\u0123ions<\/title>\n<meta name=\"description\" content=\"To strengthen societal resilience in the Vidzeme region and promote public involvement in reducing and preventing climate risks, the Vidzeme Planning Region organised the 4th&hellip;\" \/>\n<meta name=\"robots\" content=\"noindex, follow, max-snippet:-1, max-image-preview:large, max-video-preview:-1\" \/>\n<meta property=\"og:locale\" content=\"en_US\" \/>\n<meta property=\"og:type\" content=\"article\" \/>\n<meta property=\"og:title\" content=\"Vidzeme strengthens societal resilience and engagement in reducing climate risks - Vidzemes pl\u0101no\u0161anas re\u0123ions\" \/>\n<meta property=\"og:description\" content=\"To strengthen societal resilience in the Vidzeme region and promote public involvement in reducing and preventing climate risks, the Vidzeme Planning Region organised the 4th&hellip;\" \/>\n<meta property=\"og:url\" content=\"https:\/\/vidzeme.testeris.lv\/en\/vidzeme-strengthens-societal-resilience-and-engagement-in-reducing-climate-risks\/\" \/>\n<meta property=\"og:site_name\" content=\"Vidzemes pl\u0101no\u0161anas re\u0123ions\" \/>\n<meta property=\"article:published_time\" content=\"2026-03-16T13:54:13+00:00\" \/>\n<meta property=\"article:modified_time\" content=\"2026-03-31T13:26:55+00:00\" \/>\n<meta property=\"og:image\" content=\"https:\/\/vidzeme.testeris.lv\/wp-content\/uploads\/2026\/03\/WhatsApp-Image-2026-03-27-at-19.44.12.jpeg\" \/>\n\t<meta property=\"og:image:width\" content=\"1600\" \/>\n\t<meta property=\"og:image:height\" content=\"1200\" \/>\n\t<meta property=\"og:image:type\" content=\"image\/jpeg\" \/>\n<meta name=\"author\" content=\"Marta Rieksti\u0146a\" \/>\n<meta name=\"twitter:card\" content=\"summary_large_image\" \/>\n<meta name=\"twitter:label1\" content=\"Written by\" \/>\n\t<meta name=\"twitter:data1\" content=\"Marta Rieksti\u0146a\" \/>\n\t<meta name=\"twitter:label2\" content=\"Est. reading time\" \/>\n\t<meta name=\"twitter:data2\" content=\"4 minutes\" \/>\n<script type=\"application\/ld+json\" class=\"yoast-schema-graph\">{\"@context\":\"https:\/\/schema.org\",\"@graph\":[{\"@type\":\"Article\",\"@id\":\"https:\/\/vidzeme.testeris.lv\/en\/vidzeme-strengthens-societal-resilience-and-engagement-in-reducing-climate-risks\/#article\",\"isPartOf\":{\"@id\":\"https:\/\/vidzeme.testeris.lv\/en\/vidzeme-strengthens-societal-resilience-and-engagement-in-reducing-climate-risks\/\"},\"author\":{\"name\":\"Marta Rieksti\u0146a\",\"@id\":\"https:\/\/vidzeme.testeris.lv\/en\/#\/schema\/person\/3547c9ae43bbc9d2ae6577bcb6a35d1d\"},\"headline\":\"Vidzeme strengthens societal resilience and engagement in reducing climate risks\",\"datePublished\":\"2026-03-16T13:54:13+00:00\",\"dateModified\":\"2026-03-31T13:26:55+00:00\",\"mainEntityOfPage\":{\"@id\":\"https:\/\/vidzeme.testeris.lv\/en\/vidzeme-strengthens-societal-resilience-and-engagement-in-reducing-climate-risks\/\"},\"wordCount\":645,\"commentCount\":0,\"publisher\":{\"@id\":\"https:\/\/vidzeme.testeris.lv\/en\/#organization\"},\"image\":{\"@id\":\"https:\/\/vidzeme.testeris.lv\/en\/vidzeme-strengthens-societal-resilience-and-engagement-in-reducing-climate-risks\/#primaryimage\"},\"thumbnailUrl\":\"https:\/\/vidzeme.testeris.lv\/wp-content\/uploads\/2026\/03\/WhatsApp-Image-2026-03-27-at-19.44.12.jpeg\",\"articleSection\":[\"Public governance and planning\"],\"inLanguage\":\"en-US\",\"potentialAction\":[{\"@type\":\"CommentAction\",\"name\":\"Comment\",\"target\":[\"https:\/\/vidzeme.testeris.lv\/en\/vidzeme-strengthens-societal-resilience-and-engagement-in-reducing-climate-risks\/#respond\"]}]},{\"@type\":\"WebPage\",\"@id\":\"https:\/\/vidzeme.testeris.lv\/en\/vidzeme-strengthens-societal-resilience-and-engagement-in-reducing-climate-risks\/\",\"url\":\"https:\/\/vidzeme.testeris.lv\/en\/vidzeme-strengthens-societal-resilience-and-engagement-in-reducing-climate-risks\/\",\"name\":\"Vidzeme strengthens societal resilience and engagement in reducing climate risks - Vidzemes pl\u0101no\u0161anas re\u0123ions\",\"isPartOf\":{\"@id\":\"https:\/\/vidzeme.testeris.lv\/en\/#website\"},\"primaryImageOfPage\":{\"@id\":\"https:\/\/vidzeme.testeris.lv\/en\/vidzeme-strengthens-societal-resilience-and-engagement-in-reducing-climate-risks\/#primaryimage\"},\"image\":{\"@id\":\"https:\/\/vidzeme.testeris.lv\/en\/vidzeme-strengthens-societal-resilience-and-engagement-in-reducing-climate-risks\/#primaryimage\"},\"thumbnailUrl\":\"https:\/\/vidzeme.testeris.lv\/wp-content\/uploads\/2026\/03\/WhatsApp-Image-2026-03-27-at-19.44.12.jpeg\",\"datePublished\":\"2026-03-16T13:54:13+00:00\",\"dateModified\":\"2026-03-31T13:26:55+00:00\",\"description\":\"To strengthen societal resilience in the Vidzeme region and promote public involvement in reducing and preventing climate risks, the Vidzeme Planning Region organised the 4th&hellip;\",\"breadcrumb\":{\"@id\":\"https:\/\/vidzeme.testeris.lv\/en\/vidzeme-strengthens-societal-resilience-and-engagement-in-reducing-climate-risks\/#breadcrumb\"},\"inLanguage\":\"en-US\",\"potentialAction\":[{\"@type\":\"ReadAction\",\"target\":[\"https:\/\/vidzeme.testeris.lv\/en\/vidzeme-strengthens-societal-resilience-and-engagement-in-reducing-climate-risks\/\"]}]},{\"@type\":\"ImageObject\",\"inLanguage\":\"en-US\",\"@id\":\"https:\/\/vidzeme.testeris.lv\/en\/vidzeme-strengthens-societal-resilience-and-engagement-in-reducing-climate-risks\/#primaryimage\",\"url\":\"https:\/\/vidzeme.testeris.lv\/wp-content\/uploads\/2026\/03\/WhatsApp-Image-2026-03-27-at-19.44.12.jpeg\",\"contentUrl\":\"https:\/\/vidzeme.testeris.lv\/wp-content\/uploads\/2026\/03\/WhatsApp-Image-2026-03-27-at-19.44.12.jpeg\",\"width\":1600,\"height\":1200},{\"@type\":\"BreadcrumbList\",\"@id\":\"https:\/\/vidzeme.testeris.lv\/en\/vidzeme-strengthens-societal-resilience-and-engagement-in-reducing-climate-risks\/#breadcrumb\",\"itemListElement\":[{\"@type\":\"ListItem\",\"position\":1,\"name\":\"Home\",\"item\":\"https:\/\/vidzeme.testeris.lv\/en\/\"},{\"@type\":\"ListItem\",\"position\":2,\"name\":\"Vidzeme strengthens societal resilience and engagement in reducing climate risks\"}]},{\"@type\":\"WebSite\",\"@id\":\"https:\/\/vidzeme.testeris.lv\/en\/#website\",\"url\":\"https:\/\/vidzeme.testeris.lv\/en\/\",\"name\":\"Vidzeme\",\"description\":\"Vidzemes pl\u0101no\u0161anas re\u0123ions\",\"publisher\":{\"@id\":\"https:\/\/vidzeme.testeris.lv\/en\/#organization\"},\"potentialAction\":[{\"@type\":\"SearchAction\",\"target\":{\"@type\":\"EntryPoint\",\"urlTemplate\":\"https:\/\/vidzeme.testeris.lv\/en\/?s={search_term_string}\"},\"query-input\":{\"@type\":\"PropertyValueSpecification\",\"valueRequired\":true,\"valueName\":\"search_term_string\"}}],\"inLanguage\":\"en-US\"},{\"@type\":\"Organization\",\"@id\":\"https:\/\/vidzeme.testeris.lv\/en\/#organization\",\"name\":\"Vidzemes pl\u0101no\u0161anas re\u0123ions\",\"url\":\"https:\/\/vidzeme.testeris.lv\/en\/\",\"logo\":{\"@type\":\"ImageObject\",\"inLanguage\":\"en-US\",\"@id\":\"https:\/\/vidzeme.testeris.lv\/en\/#\/schema\/logo\/image\/\",\"url\":\"https:\/\/vidzeme.testeris.lv\/wp-content\/uploads\/2023\/05\/logo.png\",\"contentUrl\":\"https:\/\/vidzeme.testeris.lv\/wp-content\/uploads\/2023\/05\/logo.png\",\"width\":291,\"height\":186,\"caption\":\"Vidzemes pl\u0101no\u0161anas re\u0123ions\"},\"image\":{\"@id\":\"https:\/\/vidzeme.testeris.lv\/en\/#\/schema\/logo\/image\/\"}},{\"@type\":\"Person\",\"@id\":\"https:\/\/vidzeme.testeris.lv\/en\/#\/schema\/person\/3547c9ae43bbc9d2ae6577bcb6a35d1d\",\"name\":\"Marta Rieksti\u0146a\",\"image\":{\"@type\":\"ImageObject\",\"inLanguage\":\"en-US\",\"@id\":\"https:\/\/vidzeme.testeris.lv\/en\/#\/schema\/person\/image\/\",\"url\":\"https:\/\/secure.gravatar.com\/avatar\/7c977490b63f986a11500e30844a301c?s=96&d=mm&r=g\",\"contentUrl\":\"https:\/\/secure.gravatar.com\/avatar\/7c977490b63f986a11500e30844a301c?s=96&d=mm&r=g\",\"caption\":\"Marta Rieksti\u0146a\"}}]}<\/script>\n<!-- \/ Yoast SEO plugin. -->","yoast_head_json":{"title":"Vidzeme strengthens societal resilience and engagement in reducing climate risks - Vidzemes pl\u0101no\u0161anas re\u0123ions","description":"To strengthen societal resilience in the Vidzeme region and promote public involvement in reducing and preventing climate risks, the Vidzeme Planning Region organised the 4th&hellip;","robots":{"index":"noindex","follow":"follow","max-snippet":"max-snippet:-1","max-image-preview":"max-image-preview:large","max-video-preview":"max-video-preview:-1"},"og_locale":"en_US","og_type":"article","og_title":"Vidzeme strengthens societal resilience and engagement in reducing climate risks - Vidzemes pl\u0101no\u0161anas re\u0123ions","og_description":"To strengthen societal resilience in the Vidzeme region and promote public involvement in reducing and preventing climate risks, the Vidzeme Planning Region organised the 4th&hellip;","og_url":"https:\/\/vidzeme.testeris.lv\/en\/vidzeme-strengthens-societal-resilience-and-engagement-in-reducing-climate-risks\/","og_site_name":"Vidzemes pl\u0101no\u0161anas re\u0123ions","article_published_time":"2026-03-16T13:54:13+00:00","article_modified_time":"2026-03-31T13:26:55+00:00","og_image":[{"width":1600,"height":1200,"url":"https:\/\/vidzeme.testeris.lv\/wp-content\/uploads\/2026\/03\/WhatsApp-Image-2026-03-27-at-19.44.12.jpeg","type":"image\/jpeg"}],"author":"Marta Rieksti\u0146a","twitter_card":"summary_large_image","twitter_misc":{"Written by":"Marta Rieksti\u0146a","Est. reading time":"4 minutes"},"schema":{"@context":"https:\/\/schema.org","@graph":[{"@type":"Article","@id":"https:\/\/vidzeme.testeris.lv\/en\/vidzeme-strengthens-societal-resilience-and-engagement-in-reducing-climate-risks\/#article","isPartOf":{"@id":"https:\/\/vidzeme.testeris.lv\/en\/vidzeme-strengthens-societal-resilience-and-engagement-in-reducing-climate-risks\/"},"author":{"name":"Marta Rieksti\u0146a","@id":"https:\/\/vidzeme.testeris.lv\/en\/#\/schema\/person\/3547c9ae43bbc9d2ae6577bcb6a35d1d"},"headline":"Vidzeme strengthens societal resilience and engagement in reducing climate risks","datePublished":"2026-03-16T13:54:13+00:00","dateModified":"2026-03-31T13:26:55+00:00","mainEntityOfPage":{"@id":"https:\/\/vidzeme.testeris.lv\/en\/vidzeme-strengthens-societal-resilience-and-engagement-in-reducing-climate-risks\/"},"wordCount":645,"commentCount":0,"publisher":{"@id":"https:\/\/vidzeme.testeris.lv\/en\/#organization"},"image":{"@id":"https:\/\/vidzeme.testeris.lv\/en\/vidzeme-strengthens-societal-resilience-and-engagement-in-reducing-climate-risks\/#primaryimage"},"thumbnailUrl":"https:\/\/vidzeme.testeris.lv\/wp-content\/uploads\/2026\/03\/WhatsApp-Image-2026-03-27-at-19.44.12.jpeg","articleSection":["Public governance and planning"],"inLanguage":"en-US","potentialAction":[{"@type":"CommentAction","name":"Comment","target":["https:\/\/vidzeme.testeris.lv\/en\/vidzeme-strengthens-societal-resilience-and-engagement-in-reducing-climate-risks\/#respond"]}]},{"@type":"WebPage","@id":"https:\/\/vidzeme.testeris.lv\/en\/vidzeme-strengthens-societal-resilience-and-engagement-in-reducing-climate-risks\/","url":"https:\/\/vidzeme.testeris.lv\/en\/vidzeme-strengthens-societal-resilience-and-engagement-in-reducing-climate-risks\/","name":"Vidzeme strengthens societal resilience and engagement in reducing climate risks - Vidzemes pl\u0101no\u0161anas re\u0123ions","isPartOf":{"@id":"https:\/\/vidzeme.testeris.lv\/en\/#website"},"primaryImageOfPage":{"@id":"https:\/\/vidzeme.testeris.lv\/en\/vidzeme-strengthens-societal-resilience-and-engagement-in-reducing-climate-risks\/#primaryimage"},"image":{"@id":"https:\/\/vidzeme.testeris.lv\/en\/vidzeme-strengthens-societal-resilience-and-engagement-in-reducing-climate-risks\/#primaryimage"},"thumbnailUrl":"https:\/\/vidzeme.testeris.lv\/wp-content\/uploads\/2026\/03\/WhatsApp-Image-2026-03-27-at-19.44.12.jpeg","datePublished":"2026-03-16T13:54:13+00:00","dateModified":"2026-03-31T13:26:55+00:00","description":"To strengthen societal resilience in the Vidzeme region and promote public involvement in reducing and preventing climate risks, the Vidzeme Planning Region organised the 4th&hellip;","breadcrumb":{"@id":"https:\/\/vidzeme.testeris.lv\/en\/vidzeme-strengthens-societal-resilience-and-engagement-in-reducing-climate-risks\/#breadcrumb"},"inLanguage":"en-US","potentialAction":[{"@type":"ReadAction","target":["https:\/\/vidzeme.testeris.lv\/en\/vidzeme-strengthens-societal-resilience-and-engagement-in-reducing-climate-risks\/"]}]},{"@type":"ImageObject","inLanguage":"en-US","@id":"https:\/\/vidzeme.testeris.lv\/en\/vidzeme-strengthens-societal-resilience-and-engagement-in-reducing-climate-risks\/#primaryimage","url":"https:\/\/vidzeme.testeris.lv\/wp-content\/uploads\/2026\/03\/WhatsApp-Image-2026-03-27-at-19.44.12.jpeg","contentUrl":"https:\/\/vidzeme.testeris.lv\/wp-content\/uploads\/2026\/03\/WhatsApp-Image-2026-03-27-at-19.44.12.jpeg","width":1600,"height":1200},{"@type":"BreadcrumbList","@id":"https:\/\/vidzeme.testeris.lv\/en\/vidzeme-strengthens-societal-resilience-and-engagement-in-reducing-climate-risks\/#breadcrumb","itemListElement":[{"@type":"ListItem","position":1,"name":"Home","item":"https:\/\/vidzeme.testeris.lv\/en\/"},{"@type":"ListItem","position":2,"name":"Vidzeme strengthens societal resilience and engagement in reducing climate risks"}]},{"@type":"WebSite","@id":"https:\/\/vidzeme.testeris.lv\/en\/#website","url":"https:\/\/vidzeme.testeris.lv\/en\/","name":"Vidzeme","description":"Vidzemes pl\u0101no\u0161anas re\u0123ions","publisher":{"@id":"https:\/\/vidzeme.testeris.lv\/en\/#organization"},"potentialAction":[{"@type":"SearchAction","target":{"@type":"EntryPoint","urlTemplate":"https:\/\/vidzeme.testeris.lv\/en\/?s={search_term_string}"},"query-input":{"@type":"PropertyValueSpecification","valueRequired":true,"valueName":"search_term_string"}}],"inLanguage":"en-US"},{"@type":"Organization","@id":"https:\/\/vidzeme.testeris.lv\/en\/#organization","name":"Vidzemes pl\u0101no\u0161anas re\u0123ions","url":"https:\/\/vidzeme.testeris.lv\/en\/","logo":{"@type":"ImageObject","inLanguage":"en-US","@id":"https:\/\/vidzeme.testeris.lv\/en\/#\/schema\/logo\/image\/","url":"https:\/\/vidzeme.testeris.lv\/wp-content\/uploads\/2023\/05\/logo.png","contentUrl":"https:\/\/vidzeme.testeris.lv\/wp-content\/uploads\/2023\/05\/logo.png","width":291,"height":186,"caption":"Vidzemes pl\u0101no\u0161anas re\u0123ions"},"image":{"@id":"https:\/\/vidzeme.testeris.lv\/en\/#\/schema\/logo\/image\/"}},{"@type":"Person","@id":"https:\/\/vidzeme.testeris.lv\/en\/#\/schema\/person\/3547c9ae43bbc9d2ae6577bcb6a35d1d","name":"Marta Rieksti\u0146a","image":{"@type":"ImageObject","inLanguage":"en-US","@id":"https:\/\/vidzeme.testeris.lv\/en\/#\/schema\/person\/image\/","url":"https:\/\/secure.gravatar.com\/avatar\/7c977490b63f986a11500e30844a301c?s=96&d=mm&r=g","contentUrl":"https:\/\/secure.gravatar.com\/avatar\/7c977490b63f986a11500e30844a301c?s=96&d=mm&r=g","caption":"Marta Rieksti\u0146a"}}]}},"_links":{"self":[{"href":"https:\/\/vidzeme.testeris.lv\/en\/wp-json\/wp\/v2\/posts\/78713","targetHints":{"allow":["GET"]}}],"collection":[{"href":"https:\/\/vidzeme.testeris.lv\/en\/wp-json\/wp\/v2\/posts"}],"about":[{"href":"https:\/\/vidzeme.testeris.lv\/en\/wp-json\/wp\/v2\/types\/post"}],"author":[{"embeddable":true,"href":"https:\/\/vidzeme.testeris.lv\/en\/wp-json\/wp\/v2\/users\/13"}],"replies":[{"embeddable":true,"href":"https:\/\/vidzeme.testeris.lv\/en\/wp-json\/wp\/v2\/comments?post=78713"}],"version-history":[{"count":1,"href":"https:\/\/vidzeme.testeris.lv\/en\/wp-json\/wp\/v2\/posts\/78713\/revisions"}],"predecessor-version":[{"id":78714,"href":"https:\/\/vidzeme.testeris.lv\/en\/wp-json\/wp\/v2\/posts\/78713\/revisions\/78714"}],"wp:featuredmedia":[{"embeddable":true,"href":"https:\/\/vidzeme.testeris.lv\/en\/wp-json\/wp\/v2\/media\/78708"}],"wp:attachment":[{"href":"https:\/\/vidzeme.testeris.lv\/en\/wp-json\/wp\/v2\/media?parent=78713"}],"wp:term":[{"taxonomy":"category","embeddable":true,"href":"https:\/\/vidzeme.testeris.lv\/en\/wp-json\/wp\/v2\/categories?post=78713"},{"taxonomy":"post_tag","embeddable":true,"href":"https:\/\/vidzeme.testeris.lv\/en\/wp-json\/wp\/v2\/tags?post=78713"}],"curies":[{"name":"wp","href":"https:\/\/api.w.org\/{rel}","templated":true}]}}